{"id":4856,"date":"2022-06-07T19:48:54","date_gmt":"2022-06-07T19:48:54","guid":{"rendered":"https:\/\/argentinakickboxing.com\/?p=4856"},"modified":"2022-06-07T20:04:03","modified_gmt":"2022-06-07T20:04:03","slug":"comenzaron-las-mesas-de-examen-de-cinturones-negros","status":"publish","type":"post","link":"https:\/\/argentinakickboxing.com\/?p=4856","title":{"rendered":"Comenzaron las mesas de examen de cinturones negros"},"content":{"rendered":"\t\t<div data-elementor-type=\"wp-post\" data-elementor-id=\"4856\" class=\"elementor elementor-4856\">\n\t\t\t\t\t\t<section class=\"elementor-section elementor-top-section elementor-element elementor-element-2aef4ded elementor-section-boxed elementor-section-height-default elementor-section-height-default\" data-id=\"2aef4ded\" data-element_type=\"section\">\n\t\t\t\t\t\t<div class=\"elementor-container elementor-column-gap-default\">\n\t\t\t\t\t<div class=\"elementor-column elementor-col-100 elementor-top-column elementor-element elementor-element-76b9af56\" data-id=\"76b9af56\" data-element_type=\"column\">\n\t\t\t<div class=\"elementor-widget-wrap elementor-element-populated\">\n\t\t\t\t\t\t<div class=\"elementor-element elementor-element-41467606 elementor-invisible elementor-widget elementor-widget-heading\" data-id=\"41467606\" data-element_type=\"widget\" data-settings=\"{&quot;_animation&quot;:&quot;fadeInRight&quot;}\" data-widget_type=\"heading.default\">\n\t\t\t\t<div class=\"elementor-widget-container\">\n\t\t\t\t\t<h2 class=\"elementor-heading-title elementor-size-default\">Zona C <\/h2>\t\t\t\t<\/div>\n\t\t\t\t<\/div>\n\t\t\t\t\t<\/div>\n\t\t<\/div>\n\t\t\t\t\t<\/div>\n\t\t<\/section>\n\t\t\t\t<section class=\"elementor-section elementor-top-section elementor-element elementor-element-24fefe2 elementor-section-boxed elementor-section-height-default elementor-section-height-default\" data-id=\"24fefe2\" data-element_type=\"section\">\n\t\t\t\t\t\t<div class=\"elementor-container elementor-column-gap-default\">\n\t\t\t\t\t<div class=\"elementor-column elementor-col-100 elementor-top-column elementor-element elementor-element-584dc01\" data-id=\"584dc01\" data-element_type=\"column\">\n\t\t\t<div class=\"elementor-widget-wrap elementor-element-populated\">\n\t\t\t\t\t\t<div class=\"elementor-element elementor-element-51fda45 elementor-widget elementor-widget-text-editor\" data-id=\"51fda45\" data-element_type=\"widget\" data-widget_type=\"text-editor.default\">\n\t\t\t\t<div class=\"elementor-widget-container\">\n\t\t\t\t\t\t\t\t\t<figure id=\"attachment_4865\" aria-describedby=\"caption-attachment-4865\" style=\"width: 1024px\" class=\"wp-caption aligncenter\"><img fetchpriority=\"high\" decoding=\"async\" class=\"wp-image-4865 size-large\" src=\"https:\/\/argentinakickboxing.com\/wp-content\/uploads\/2022\/06\/WhatsApp-Image-2022-06-06-at-1.13.08-PM-1024x768.jpeg\" alt=\"\" width=\"1024\" height=\"768\" srcset=\"https:\/\/argentinakickboxing.com\/wp-content\/uploads\/2022\/06\/WhatsApp-Image-2022-06-06-at-1.13.08-PM-1024x768.jpeg 1024w, https:\/\/argentinakickboxing.com\/wp-content\/uploads\/2022\/06\/WhatsApp-Image-2022-06-06-at-1.13.08-PM-300x225.jpeg 300w, https:\/\/argentinakickboxing.com\/wp-content\/uploads\/2022\/06\/WhatsApp-Image-2022-06-06-at-1.13.08-PM-768x576.jpeg 768w, https:\/\/argentinakickboxing.com\/wp-content\/uploads\/2022\/06\/WhatsApp-Image-2022-06-06-at-1.13.08-PM-600x450.jpeg 600w, https:\/\/argentinakickboxing.com\/wp-content\/uploads\/2022\/06\/WhatsApp-Image-2022-06-06-at-1.13.08-PM.jpeg 1156w\" sizes=\"(max-width: 1024px) 100vw, 1024px\" \/><figcaption id=\"caption-attachment-4865\" class=\"wp-caption-text\">Nuevos graduados de cinturones negros en Corrientes<\/figcaption><\/figure><p>La Federaci\u00f3n Argentina de Kickboxing comenz\u00f3 con la tradicional mesa de examen de cinturones negros de mitad de a\u00f1o. En la Ciudad de Corrientes obtuvieron su graduaci\u00f3n de cintur\u00f3n Negro 1\u00b0 Dan Lee Oviedo, Meilin Oviedo, Abel Gim\u00e9nez, Juan Godoy, Ariel Soler, Virginia Picone, Ramon Torres, Juan Insaurralde, adem\u00e1s Lucas Ayala de la ciudad de Clorinda &#8211;\u00a0 provincia de Formosa promovi\u00f3 a cintur\u00f3n Negro 2\u00b0 Dan .<\/p><figure id=\"attachment_4867\" aria-describedby=\"caption-attachment-4867\" style=\"width: 1024px\" class=\"wp-caption aligncenter\"><img decoding=\"async\" class=\"wp-image-4867 size-large\" src=\"https:\/\/argentinakickboxing.com\/wp-content\/uploads\/2022\/06\/WhatsApp-Image-2022-06-06-at-1.13.07-PM-2-1024x768.jpeg\" alt=\"\" width=\"1024\" height=\"768\" srcset=\"https:\/\/argentinakickboxing.com\/wp-content\/uploads\/2022\/06\/WhatsApp-Image-2022-06-06-at-1.13.07-PM-2-1024x768.jpeg 1024w, https:\/\/argentinakickboxing.com\/wp-content\/uploads\/2022\/06\/WhatsApp-Image-2022-06-06-at-1.13.07-PM-2-300x225.jpeg 300w, https:\/\/argentinakickboxing.com\/wp-content\/uploads\/2022\/06\/WhatsApp-Image-2022-06-06-at-1.13.07-PM-2-768x576.jpeg 768w, https:\/\/argentinakickboxing.com\/wp-content\/uploads\/2022\/06\/WhatsApp-Image-2022-06-06-at-1.13.07-PM-2-600x450.jpeg 600w, https:\/\/argentinakickboxing.com\/wp-content\/uploads\/2022\/06\/WhatsApp-Image-2022-06-06-at-1.13.07-PM-2.jpeg 1156w\" sizes=\"(max-width: 1024px) 100vw, 1024px\" \/><figcaption id=\"caption-attachment-4867\" class=\"wp-caption-text\">Profesores que colaboraron<\/figcaption><\/figure><p>\u00a0<\/p><p>Los\u00a0 profesores que estuvieron colaborando en la evaluaci\u00f3n fueron Sergio Caseres 4\u00b0 Dan, Jorge Oviedo 3\u00b0 Dan, Juan Roa, Gonzalo Molina, Diego Paz Pedro Meza, Mariana Ruiz Diaz , Fabian Valdez todos ellos 2\u00b0 Danes y Jorge Sandoval, Yanela Alarc\u00f3n, Viviana Sandoval, Mat\u00edas Garc\u00eda, Jorge \u00c1lvarez, Juan Carlos \u00c1lvarez, Marisol Fern\u00e1ndez (1\u00b0 Danes)<\/p><figure id=\"attachment_4869\" aria-describedby=\"caption-attachment-4869\" style=\"width: 1024px\" class=\"wp-caption aligncenter\"><img decoding=\"async\" class=\"wp-image-4869 size-large\" src=\"https:\/\/argentinakickboxing.com\/wp-content\/uploads\/2022\/06\/WhatsApp-Image-2022-06-06-at-1.14.39-PM-1024x768.jpeg\" alt=\"\" width=\"1024\" height=\"768\" srcset=\"https:\/\/argentinakickboxing.com\/wp-content\/uploads\/2022\/06\/WhatsApp-Image-2022-06-06-at-1.14.39-PM-1024x768.jpeg 1024w, https:\/\/argentinakickboxing.com\/wp-content\/uploads\/2022\/06\/WhatsApp-Image-2022-06-06-at-1.14.39-PM-300x225.jpeg 300w, https:\/\/argentinakickboxing.com\/wp-content\/uploads\/2022\/06\/WhatsApp-Image-2022-06-06-at-1.14.39-PM-768x576.jpeg 768w, https:\/\/argentinakickboxing.com\/wp-content\/uploads\/2022\/06\/WhatsApp-Image-2022-06-06-at-1.14.39-PM-1536x1152.jpeg 1536w, https:\/\/argentinakickboxing.com\/wp-content\/uploads\/2022\/06\/WhatsApp-Image-2022-06-06-at-1.14.39-PM-600x450.jpeg 600w, https:\/\/argentinakickboxing.com\/wp-content\/uploads\/2022\/06\/WhatsApp-Image-2022-06-06-at-1.14.39-PM.jpeg 1600w\" sizes=\"(max-width: 1024px) 100vw, 1024px\" \/><figcaption id=\"caption-attachment-4869\" class=\"wp-caption-text\">Mesa de cinturones negros en Posadas<\/figcaption><\/figure><p>En una mesa realizada en la ciudad de Posadas rindieron examen de cinturones Negros 1\u00b0 dan Fernanda Ferreyra, Daniel Cardozo, German Schvartz. En esta oportunidad los profesores que colaboraron fueron: Adriana Piedade, Jos\u00e9 Estrukel, M\u00e1ximo Lytnyn (1\u00b0 Danes), Franco Vera (2\u00b0 Dan), M\u00e1ximo Rol\u00f3n (3\u00b0 Dan) y Juan Rol\u00f3n (4\u00b0 dan).<\/p><figure id=\"attachment_4870\" aria-describedby=\"caption-attachment-4870\" style=\"width: 1024px\" class=\"wp-caption aligncenter\"><img loading=\"lazy\" decoding=\"async\" class=\"wp-image-4870 size-large\" src=\"https:\/\/argentinakickboxing.com\/wp-content\/uploads\/2022\/06\/WhatsApp-Image-2022-06-06-at-1.15.33-PM-1024x847.jpeg\" alt=\"\" width=\"1024\" height=\"847\" srcset=\"https:\/\/argentinakickboxing.com\/wp-content\/uploads\/2022\/06\/WhatsApp-Image-2022-06-06-at-1.15.33-PM-1024x847.jpeg 1024w, https:\/\/argentinakickboxing.com\/wp-content\/uploads\/2022\/06\/WhatsApp-Image-2022-06-06-at-1.15.33-PM-300x248.jpeg 300w, https:\/\/argentinakickboxing.com\/wp-content\/uploads\/2022\/06\/WhatsApp-Image-2022-06-06-at-1.15.33-PM-768x635.jpeg 768w, https:\/\/argentinakickboxing.com\/wp-content\/uploads\/2022\/06\/WhatsApp-Image-2022-06-06-at-1.15.33-PM-1536x1270.jpeg 1536w, https:\/\/argentinakickboxing.com\/wp-content\/uploads\/2022\/06\/WhatsApp-Image-2022-06-06-at-1.15.33-PM-600x496.jpeg 600w, https:\/\/argentinakickboxing.com\/wp-content\/uploads\/2022\/06\/WhatsApp-Image-2022-06-06-at-1.15.33-PM.jpeg 1600w\" sizes=\"(max-width: 1024px) 100vw, 1024px\" \/><figcaption id=\"caption-attachment-4870\" class=\"wp-caption-text\">Segunda mesa de cinturones negros en Posadas<\/figcaption><\/figure><p>Por otro lado, \u00a0en la ciudad de Posadas obtuvieron su cintur\u00f3n negro 1\u00b0 Dan Nicole Acosta, Emiliano Viana, H\u00e9ctor Sosa y Lucila Sol\u00eds. Colaboraron en la mesa de graduaci\u00f3n el 1\u00b0 Dan Fabricio Grisula\u00a0 y los 2\u00b0 Danes Paolo Galarza, Fernando Noguera, M\u00e1ximo Zacarias, Jos\u00e9 Duarte,\u00a0 Diana Brauvano y\u00a0 Federico M\u00e1rquez.<\/p><p>Felicitaciones a todos los nuevos profesores, esto es solo el comienzo.<\/p><figure id=\"attachment_4871\" aria-describedby=\"caption-attachment-4871\" style=\"width: 1024px\" class=\"wp-caption aligncenter\"><img loading=\"lazy\" decoding=\"async\" class=\"wp-image-4871 size-large\" src=\"https:\/\/argentinakickboxing.com\/wp-content\/uploads\/2022\/06\/WhatsApp-Image-2022-06-06-at-1.16.20-PM-1024x630.jpeg\" alt=\"\" width=\"1024\" height=\"630\" srcset=\"https:\/\/argentinakickboxing.com\/wp-content\/uploads\/2022\/06\/WhatsApp-Image-2022-06-06-at-1.16.20-PM-1024x630.jpeg 1024w, https:\/\/argentinakickboxing.com\/wp-content\/uploads\/2022\/06\/WhatsApp-Image-2022-06-06-at-1.16.20-PM-300x185.jpeg 300w, https:\/\/argentinakickboxing.com\/wp-content\/uploads\/2022\/06\/WhatsApp-Image-2022-06-06-at-1.16.20-PM-768x473.jpeg 768w, https:\/\/argentinakickboxing.com\/wp-content\/uploads\/2022\/06\/WhatsApp-Image-2022-06-06-at-1.16.20-PM-600x369.jpeg 600w, https:\/\/argentinakickboxing.com\/wp-content\/uploads\/2022\/06\/WhatsApp-Image-2022-06-06-at-1.16.20-PM.jpeg 1280w\" sizes=\"(max-width: 1024px) 100vw, 1024px\" \/><figcaption id=\"caption-attachment-4871\" class=\"wp-caption-text\">Actualizaci\u00f3n en la FAKB CABA<\/figcaption><\/figure><p>Para finalizar este intenso fin de semana en la sede de la Federaci\u00f3n Argentina de Kickboxing\u00a0 se realiz\u00f3 la 2\u00b0 Clase de Point fighting a cargo del profesor Jorge V\u00e1zquez dirigida a profesores e instructores federados, muchas gracias y felicitaciones.<\/p>\t\t\t\t\t\t\t\t<\/div>\n\t\t\t\t<\/div>\n\t\t\t\t\t<\/div>\n\t\t<\/div>\n\t\t\t\t\t<\/div>\n\t\t<\/section>\n\t\t\t\t<\/div>\n\t\t<aside class=\"mashsb-container mashsb-main mashsb-stretched\"><div class=\"mashsb-box\"><div class=\"mashsb-buttons\"><a class=\"mashicon-facebook mash-medium mash-center mashsb-noshadow\" href=\"https:\/\/www.facebook.com\/sharer.php?u=https%3A%2F%2Fargentinakickboxing.com%2F%3Fp%3D4856\" target=\"_top\" rel=\"nofollow\"><span class=\"icon\"><\/span><span class=\"text\">Share<\/span><\/a><a class=\"mashicon-twitter mash-medium mash-center mashsb-noshadow\" href=\"https:\/\/twitter.com\/intent\/tweet?text=&amp;url=https:\/\/argentinakickboxing.com\/?p=4856\" target=\"_top\" rel=\"nofollow\"><span class=\"icon\"><\/span><span class=\"text\">Tweet<\/span><\/a><div class=\"onoffswitch2 mash-medium mashsb-noshadow\" style=\"display:none\"><\/div><\/div>\n            <\/div>\n                <div style=\"clear:both\"><\/div><div class=\"mashsb-toggle-container\"><\/div><\/aside>\n            <!-- Share buttons by mashshare.net - Version: 4.0.47-->","protected":false},"excerpt":{"rendered":"<p>Zona C La Federaci\u00f3n Argentina de Kickboxing comenz\u00f3 con la tradicional mesa de examen de cinturones negros de mitad de a\u00f1o. En la Ciudad de Corrientes obtuvieron su graduaci\u00f3n de cintur\u00f3n Negro 1\u00b0 Dan Lee Oviedo, Meilin Oviedo, Abel Gim\u00e9nez, Juan Godoy, Ariel Soler, Virginia Picone, Ramon Torres, Juan Insaurralde, adem\u00e1s Lucas Ayala de la &hellip;<\/p>\n<p class=\"read-more\"> <a class=\"\" href=\"https:\/\/argentinakickboxing.com\/?p=4856\"> <span class=\"screen-reader-text\">Comenzaron las mesas de examen de cinturones negros<\/span> Leer m\u00e1s &raquo;<\/a><\/p>\n","protected":false},"author":1,"featured_media":0,"comment_status":"open","ping_status":"open","sticky":false,"template":"","format":"standard","meta":{"footnotes":""},"categories":[1],"tags":[],"class_list":["post-4856","post","type-post","status-publish","format-standard","hentry","category-sin-categoria"],"yoast_head":"<!-- This site is optimized with the Yoast SEO plugin v26.8 - https:\/\/yoast.com\/product\/yoast-seo-wordpress\/ -->\n<title>Comenzaron las mesas de examen de cinturones negros - Federaci\u00f3n Argentina de Kickboxing<\/title>\n<meta name=\"robots\" content=\"index, follow, max-snippet:-1, max-image-preview:large, max-video-preview:-1\" \/>\n<link rel=\"canonical\" href=\"https:\/\/argentinakickboxing.com\/?p=4856\" \/>\n<meta property=\"og:locale\" content=\"es_ES\" \/>\n<meta property=\"og:type\" content=\"article\" \/>\n<meta property=\"og:title\" content=\"Comenzaron las mesas de examen de cinturones negros - Federaci\u00f3n Argentina de Kickboxing\" \/>\n<meta property=\"og:description\" content=\"Zona C La Federaci\u00f3n Argentina de Kickboxing comenz\u00f3 con la tradicional mesa de examen de cinturones negros de mitad de a\u00f1o. En la Ciudad de Corrientes obtuvieron su graduaci\u00f3n de cintur\u00f3n Negro 1\u00b0 Dan Lee Oviedo, Meilin Oviedo, Abel Gim\u00e9nez, Juan Godoy, Ariel Soler, Virginia Picone, Ramon Torres, Juan Insaurralde, adem\u00e1s Lucas Ayala de la &hellip; Comenzaron las mesas de examen de cinturones negros Leer m\u00e1s &raquo;\" \/>\n<meta property=\"og:url\" content=\"https:\/\/argentinakickboxing.com\/?p=4856\" \/>\n<meta property=\"og:site_name\" content=\"Federaci\u00f3n Argentina de Kickboxing\" \/>\n<meta property=\"article:published_time\" content=\"2022-06-07T19:48:54+00:00\" \/>\n<meta property=\"article:modified_time\" content=\"2022-06-07T20:04:03+00:00\" \/>\n<meta property=\"og:image\" content=\"https:\/\/argentinakickboxing.com\/wp-content\/uploads\/2022\/06\/WhatsApp-Image-2022-06-06-at-1.13.08-PM-1024x768.jpeg\" \/>\n<meta name=\"author\" content=\"contactofakb\" \/>\n<meta name=\"twitter:card\" content=\"summary_large_image\" \/>\n<meta name=\"twitter:label1\" content=\"Escrito por\" \/>\n\t<meta name=\"twitter:data1\" content=\"contactofakb\" \/>\n\t<meta name=\"twitter:label2\" content=\"Tiempo de lectura\" \/>\n\t<meta name=\"twitter:data2\" content=\"2 minutos\" \/>\n<script type=\"application\/ld+json\" class=\"yoast-schema-graph\">{\"@context\":\"https:\/\/schema.org\",\"@graph\":[{\"@type\":\"Article\",\"@id\":\"https:\/\/argentinakickboxing.com\/?p=4856#article\",\"isPartOf\":{\"@id\":\"https:\/\/argentinakickboxing.com\/?p=4856\"},\"author\":{\"name\":\"contactofakb\",\"@id\":\"https:\/\/argentinakickboxing.com\/#\/schema\/person\/9db6d76fe23e597771946985bdd1eab7\"},\"headline\":\"Comenzaron las mesas de examen de cinturones negros\",\"datePublished\":\"2022-06-07T19:48:54+00:00\",\"dateModified\":\"2022-06-07T20:04:03+00:00\",\"mainEntityOfPage\":{\"@id\":\"https:\/\/argentinakickboxing.com\/?p=4856\"},\"wordCount\":354,\"commentCount\":0,\"publisher\":{\"@id\":\"https:\/\/argentinakickboxing.com\/#organization\"},\"image\":{\"@id\":\"https:\/\/argentinakickboxing.com\/?p=4856#primaryimage\"},\"thumbnailUrl\":\"https:\/\/argentinakickboxing.com\/wp-content\/uploads\/2022\/06\/WhatsApp-Image-2022-06-06-at-1.13.08-PM-1024x768.jpeg\",\"inLanguage\":\"es\",\"potentialAction\":[{\"@type\":\"CommentAction\",\"name\":\"Comment\",\"target\":[\"https:\/\/argentinakickboxing.com\/?p=4856#respond\"]}]},{\"@type\":\"WebPage\",\"@id\":\"https:\/\/argentinakickboxing.com\/?p=4856\",\"url\":\"https:\/\/argentinakickboxing.com\/?p=4856\",\"name\":\"Comenzaron las mesas de examen de cinturones negros - Federaci\u00f3n Argentina de Kickboxing\",\"isPartOf\":{\"@id\":\"https:\/\/argentinakickboxing.com\/#website\"},\"primaryImageOfPage\":{\"@id\":\"https:\/\/argentinakickboxing.com\/?p=4856#primaryimage\"},\"image\":{\"@id\":\"https:\/\/argentinakickboxing.com\/?p=4856#primaryimage\"},\"thumbnailUrl\":\"https:\/\/argentinakickboxing.com\/wp-content\/uploads\/2022\/06\/WhatsApp-Image-2022-06-06-at-1.13.08-PM-1024x768.jpeg\",\"datePublished\":\"2022-06-07T19:48:54+00:00\",\"dateModified\":\"2022-06-07T20:04:03+00:00\",\"breadcrumb\":{\"@id\":\"https:\/\/argentinakickboxing.com\/?p=4856#breadcrumb\"},\"inLanguage\":\"es\",\"potentialAction\":[{\"@type\":\"ReadAction\",\"target\":[\"https:\/\/argentinakickboxing.com\/?p=4856\"]}]},{\"@type\":\"ImageObject\",\"inLanguage\":\"es\",\"@id\":\"https:\/\/argentinakickboxing.com\/?p=4856#primaryimage\",\"url\":\"https:\/\/argentinakickboxing.com\/wp-content\/uploads\/2022\/06\/WhatsApp-Image-2022-06-06-at-1.13.08-PM.jpeg\",\"contentUrl\":\"https:\/\/argentinakickboxing.com\/wp-content\/uploads\/2022\/06\/WhatsApp-Image-2022-06-06-at-1.13.08-PM.jpeg\",\"width\":1156,\"height\":867,\"caption\":\"Nuevos graduados de cinturones negros en Corrientes\"},{\"@type\":\"BreadcrumbList\",\"@id\":\"https:\/\/argentinakickboxing.com\/?p=4856#breadcrumb\",\"itemListElement\":[{\"@type\":\"ListItem\",\"position\":1,\"name\":\"Home\",\"item\":\"https:\/\/argentinakickboxing.com\/\"},{\"@type\":\"ListItem\",\"position\":2,\"name\":\"Comenzaron las mesas de examen de cinturones negros\"}]},{\"@type\":\"WebSite\",\"@id\":\"https:\/\/argentinakickboxing.com\/#website\",\"url\":\"https:\/\/argentinakickboxing.com\/\",\"name\":\"Federaci\u00f3n Argentina de Kickboxing\",\"description\":\"Sitio oficial del kickboxing en Argentina\",\"publisher\":{\"@id\":\"https:\/\/argentinakickboxing.com\/#organization\"},\"potentialAction\":[{\"@type\":\"SearchAction\",\"target\":{\"@type\":\"EntryPoint\",\"urlTemplate\":\"https:\/\/argentinakickboxing.com\/?s={search_term_string}\"},\"query-input\":{\"@type\":\"PropertyValueSpecification\",\"valueRequired\":true,\"valueName\":\"search_term_string\"}}],\"inLanguage\":\"es\"},{\"@type\":\"Organization\",\"@id\":\"https:\/\/argentinakickboxing.com\/#organization\",\"name\":\"Federaci\u00f3n Argentina de Kickboxing\",\"url\":\"https:\/\/argentinakickboxing.com\/\",\"logo\":{\"@type\":\"ImageObject\",\"inLanguage\":\"es\",\"@id\":\"https:\/\/argentinakickboxing.com\/#\/schema\/logo\/image\/\",\"url\":\"https:\/\/argentinakickboxing.com\/wp-content\/uploads\/2024\/03\/cropped-Captura-de-pantalla-2024-03-21-180747.jpg\",\"contentUrl\":\"https:\/\/argentinakickboxing.com\/wp-content\/uploads\/2024\/03\/cropped-Captura-de-pantalla-2024-03-21-180747.jpg\",\"width\":1139,\"height\":173,\"caption\":\"Federaci\u00f3n Argentina de Kickboxing\"},\"image\":{\"@id\":\"https:\/\/argentinakickboxing.com\/#\/schema\/logo\/image\/\"}},{\"@type\":\"Person\",\"@id\":\"https:\/\/argentinakickboxing.com\/#\/schema\/person\/9db6d76fe23e597771946985bdd1eab7\",\"name\":\"contactofakb\",\"image\":{\"@type\":\"ImageObject\",\"inLanguage\":\"es\",\"@id\":\"https:\/\/argentinakickboxing.com\/#\/schema\/person\/image\/\",\"url\":\"https:\/\/secure.gravatar.com\/avatar\/e5f226cbadf1d7c339267b1784f94b8c?s=96&d=mm&r=g\",\"contentUrl\":\"https:\/\/secure.gravatar.com\/avatar\/e5f226cbadf1d7c339267b1784f94b8c?s=96&d=mm&r=g\",\"caption\":\"contactofakb\"},\"sameAs\":[\"https:\/\/argentinakickboxing.com\"],\"url\":\"https:\/\/argentinakickboxing.com\/?author=1\"}]}<\/script>\n<!-- \/ Yoast SEO plugin. -->","yoast_head_json":{"title":"Comenzaron las mesas de examen de cinturones negros - Federaci\u00f3n Argentina de Kickboxing","robots":{"index":"index","follow":"follow","max-snippet":"max-snippet:-1","max-image-preview":"max-image-preview:large","max-video-preview":"max-video-preview:-1"},"canonical":"https:\/\/argentinakickboxing.com\/?p=4856","og_locale":"es_ES","og_type":"article","og_title":"Comenzaron las mesas de examen de cinturones negros - Federaci\u00f3n Argentina de Kickboxing","og_description":"Zona C La Federaci\u00f3n Argentina de Kickboxing comenz\u00f3 con la tradicional mesa de examen de cinturones negros de mitad de a\u00f1o. En la Ciudad de Corrientes obtuvieron su graduaci\u00f3n de cintur\u00f3n Negro 1\u00b0 Dan Lee Oviedo, Meilin Oviedo, Abel Gim\u00e9nez, Juan Godoy, Ariel Soler, Virginia Picone, Ramon Torres, Juan Insaurralde, adem\u00e1s Lucas Ayala de la &hellip; Comenzaron las mesas de examen de cinturones negros Leer m\u00e1s &raquo;","og_url":"https:\/\/argentinakickboxing.com\/?p=4856","og_site_name":"Federaci\u00f3n Argentina de Kickboxing","article_published_time":"2022-06-07T19:48:54+00:00","article_modified_time":"2022-06-07T20:04:03+00:00","og_image":[{"url":"https:\/\/argentinakickboxing.com\/wp-content\/uploads\/2022\/06\/WhatsApp-Image-2022-06-06-at-1.13.08-PM-1024x768.jpeg","type":"","width":"","height":""}],"author":"contactofakb","twitter_card":"summary_large_image","twitter_misc":{"Escrito por":"contactofakb","Tiempo de lectura":"2 minutos"},"schema":{"@context":"https:\/\/schema.org","@graph":[{"@type":"Article","@id":"https:\/\/argentinakickboxing.com\/?p=4856#article","isPartOf":{"@id":"https:\/\/argentinakickboxing.com\/?p=4856"},"author":{"name":"contactofakb","@id":"https:\/\/argentinakickboxing.com\/#\/schema\/person\/9db6d76fe23e597771946985bdd1eab7"},"headline":"Comenzaron las mesas de examen de cinturones negros","datePublished":"2022-06-07T19:48:54+00:00","dateModified":"2022-06-07T20:04:03+00:00","mainEntityOfPage":{"@id":"https:\/\/argentinakickboxing.com\/?p=4856"},"wordCount":354,"commentCount":0,"publisher":{"@id":"https:\/\/argentinakickboxing.com\/#organization"},"image":{"@id":"https:\/\/argentinakickboxing.com\/?p=4856#primaryimage"},"thumbnailUrl":"https:\/\/argentinakickboxing.com\/wp-content\/uploads\/2022\/06\/WhatsApp-Image-2022-06-06-at-1.13.08-PM-1024x768.jpeg","inLanguage":"es","potentialAction":[{"@type":"CommentAction","name":"Comment","target":["https:\/\/argentinakickboxing.com\/?p=4856#respond"]}]},{"@type":"WebPage","@id":"https:\/\/argentinakickboxing.com\/?p=4856","url":"https:\/\/argentinakickboxing.com\/?p=4856","name":"Comenzaron las mesas de examen de cinturones negros - Federaci\u00f3n Argentina de Kickboxing","isPartOf":{"@id":"https:\/\/argentinakickboxing.com\/#website"},"primaryImageOfPage":{"@id":"https:\/\/argentinakickboxing.com\/?p=4856#primaryimage"},"image":{"@id":"https:\/\/argentinakickboxing.com\/?p=4856#primaryimage"},"thumbnailUrl":"https:\/\/argentinakickboxing.com\/wp-content\/uploads\/2022\/06\/WhatsApp-Image-2022-06-06-at-1.13.08-PM-1024x768.jpeg","datePublished":"2022-06-07T19:48:54+00:00","dateModified":"2022-06-07T20:04:03+00:00","breadcrumb":{"@id":"https:\/\/argentinakickboxing.com\/?p=4856#breadcrumb"},"inLanguage":"es","potentialAction":[{"@type":"ReadAction","target":["https:\/\/argentinakickboxing.com\/?p=4856"]}]},{"@type":"ImageObject","inLanguage":"es","@id":"https:\/\/argentinakickboxing.com\/?p=4856#primaryimage","url":"https:\/\/argentinakickboxing.com\/wp-content\/uploads\/2022\/06\/WhatsApp-Image-2022-06-06-at-1.13.08-PM.jpeg","contentUrl":"https:\/\/argentinakickboxing.com\/wp-content\/uploads\/2022\/06\/WhatsApp-Image-2022-06-06-at-1.13.08-PM.jpeg","width":1156,"height":867,"caption":"Nuevos graduados de cinturones negros en Corrientes"},{"@type":"BreadcrumbList","@id":"https:\/\/argentinakickboxing.com\/?p=4856#breadcrumb","itemListElement":[{"@type":"ListItem","position":1,"name":"Home","item":"https:\/\/argentinakickboxing.com\/"},{"@type":"ListItem","position":2,"name":"Comenzaron las mesas de examen de cinturones negros"}]},{"@type":"WebSite","@id":"https:\/\/argentinakickboxing.com\/#website","url":"https:\/\/argentinakickboxing.com\/","name":"Federaci\u00f3n Argentina de Kickboxing","description":"Sitio oficial del kickboxing en Argentina","publisher":{"@id":"https:\/\/argentinakickboxing.com\/#organization"},"potentialAction":[{"@type":"SearchAction","target":{"@type":"EntryPoint","urlTemplate":"https:\/\/argentinakickboxing.com\/?s={search_term_string}"},"query-input":{"@type":"PropertyValueSpecification","valueRequired":true,"valueName":"search_term_string"}}],"inLanguage":"es"},{"@type":"Organization","@id":"https:\/\/argentinakickboxing.com\/#organization","name":"Federaci\u00f3n Argentina de Kickboxing","url":"https:\/\/argentinakickboxing.com\/","logo":{"@type":"ImageObject","inLanguage":"es","@id":"https:\/\/argentinakickboxing.com\/#\/schema\/logo\/image\/","url":"https:\/\/argentinakickboxing.com\/wp-content\/uploads\/2024\/03\/cropped-Captura-de-pantalla-2024-03-21-180747.jpg","contentUrl":"https:\/\/argentinakickboxing.com\/wp-content\/uploads\/2024\/03\/cropped-Captura-de-pantalla-2024-03-21-180747.jpg","width":1139,"height":173,"caption":"Federaci\u00f3n Argentina de Kickboxing"},"image":{"@id":"https:\/\/argentinakickboxing.com\/#\/schema\/logo\/image\/"}},{"@type":"Person","@id":"https:\/\/argentinakickboxing.com\/#\/schema\/person\/9db6d76fe23e597771946985bdd1eab7","name":"contactofakb","image":{"@type":"ImageObject","inLanguage":"es","@id":"https:\/\/argentinakickboxing.com\/#\/schema\/person\/image\/","url":"https:\/\/secure.gravatar.com\/avatar\/e5f226cbadf1d7c339267b1784f94b8c?s=96&d=mm&r=g","contentUrl":"https:\/\/secure.gravatar.com\/avatar\/e5f226cbadf1d7c339267b1784f94b8c?s=96&d=mm&r=g","caption":"contactofakb"},"sameAs":["https:\/\/argentinakickboxing.com"],"url":"https:\/\/argentinakickboxing.com\/?author=1"}]}},"_links":{"self":[{"href":"https:\/\/argentinakickboxing.com\/index.php?rest_route=\/wp\/v2\/posts\/4856","targetHints":{"allow":["GET"]}}],"collection":[{"href":"https:\/\/argentinakickboxing.com\/index.php?rest_route=\/wp\/v2\/posts"}],"about":[{"href":"https:\/\/argentinakickboxing.com\/index.php?rest_route=\/wp\/v2\/types\/post"}],"author":[{"embeddable":true,"href":"https:\/\/argentinakickboxing.com\/index.php?rest_route=\/wp\/v2\/users\/1"}],"replies":[{"embeddable":true,"href":"https:\/\/argentinakickboxing.com\/index.php?rest_route=%2Fwp%2Fv2%2Fcomments&post=4856"}],"version-history":[{"count":22,"href":"https:\/\/argentinakickboxing.com\/index.php?rest_route=\/wp\/v2\/posts\/4856\/revisions"}],"predecessor-version":[{"id":4886,"href":"https:\/\/argentinakickboxing.com\/index.php?rest_route=\/wp\/v2\/posts\/4856\/revisions\/4886"}],"wp:attachment":[{"href":"https:\/\/argentinakickboxing.com\/index.php?rest_route=%2Fwp%2Fv2%2Fmedia&parent=4856"}],"wp:term":[{"taxonomy":"category","embeddable":true,"href":"https:\/\/argentinakickboxing.com\/index.php?rest_route=%2Fwp%2Fv2%2Fcategories&post=4856"},{"taxonomy":"post_tag","embeddable":true,"href":"https:\/\/argentinakickboxing.com\/index.php?rest_route=%2Fwp%2Fv2%2Ftags&post=4856"}],"curies":[{"name":"wp","href":"https:\/\/api.w.org\/{rel}","templated":true}]}}