{"id":3886,"date":"2021-12-20T12:50:00","date_gmt":"2021-12-20T12:50:00","guid":{"rendered":"https:\/\/argentinakickboxing.com\/?p=3886"},"modified":"2021-12-20T13:05:13","modified_gmt":"2021-12-20T13:05:13","slug":"examenes-de-cinturones-negros","status":"publish","type":"post","link":"https:\/\/argentinakickboxing.com\/?p=3886","title":{"rendered":"Ex\u00e1menes de cinturones negros"},"content":{"rendered":"\t\t<div data-elementor-type=\"wp-post\" data-elementor-id=\"3886\" class=\"elementor elementor-3886\">\n\t\t\t\t\t\t<section class=\"elementor-section elementor-top-section elementor-element elementor-element-bdb37f9 elementor-section-boxed elementor-section-height-default elementor-section-height-default\" data-id=\"bdb37f9\" data-element_type=\"section\">\n\t\t\t\t\t\t<div class=\"elementor-container elementor-column-gap-default\">\n\t\t\t\t\t<div class=\"elementor-column elementor-col-100 elementor-top-column elementor-element elementor-element-19902ec\" data-id=\"19902ec\" data-element_type=\"column\">\n\t\t\t<div class=\"elementor-widget-wrap elementor-element-populated\">\n\t\t\t\t\t\t<div class=\"elementor-element elementor-element-9a03dc7 elementor-invisible elementor-widget elementor-widget-heading\" data-id=\"9a03dc7\" data-element_type=\"widget\" data-settings=\"{&quot;_animation&quot;:&quot;fadeInRight&quot;}\" data-widget_type=\"heading.default\">\n\t\t\t\t<div class=\"elementor-widget-container\">\n\t\t\t\t\t<h2 class=\"elementor-heading-title elementor-size-default\">\nFederaci\u00f3n Argentina de Kickboxing\n<\/h2>\t\t\t\t<\/div>\n\t\t\t\t<\/div>\n\t\t\t\t\t<\/div>\n\t\t<\/div>\n\t\t\t\t\t<\/div>\n\t\t<\/section>\n\t\t\t\t<section class=\"elementor-section elementor-top-section elementor-element elementor-element-c33e685 elementor-section-boxed elementor-section-height-default elementor-section-height-default\" data-id=\"c33e685\" data-element_type=\"section\">\n\t\t\t\t\t\t<div class=\"elementor-container elementor-column-gap-default\">\n\t\t\t\t\t<div class=\"elementor-column elementor-col-100 elementor-top-column elementor-element elementor-element-7daf44b\" data-id=\"7daf44b\" data-element_type=\"column\">\n\t\t\t<div class=\"elementor-widget-wrap elementor-element-populated\">\n\t\t\t\t\t\t<div class=\"elementor-element elementor-element-631fa86 elementor-widget elementor-widget-text-editor\" data-id=\"631fa86\" data-element_type=\"widget\" data-widget_type=\"text-editor.default\">\n\t\t\t\t<div class=\"elementor-widget-container\">\n\t\t\t\t\t\t\t\t\t<p>La Federaci\u00f3n Argentina de Kickboxing realiz\u00f3 la tradicional mesa de examen de cinturones negros del mes de diciembre.<\/p><figure id=\"attachment_3892\" aria-describedby=\"caption-attachment-3892\" style=\"width: 1024px\" class=\"wp-caption aligncenter\"><img fetchpriority=\"high\" decoding=\"async\" class=\"wp-image-3892 size-large\" src=\"https:\/\/argentinakickboxing.com\/wp-content\/uploads\/2021\/12\/WhatsApp-Image-2021-12-20-at-8.56.37-AM-1024x461.jpeg\" alt=\"\" width=\"1024\" height=\"461\" srcset=\"https:\/\/argentinakickboxing.com\/wp-content\/uploads\/2021\/12\/WhatsApp-Image-2021-12-20-at-8.56.37-AM-1024x461.jpeg 1024w, https:\/\/argentinakickboxing.com\/wp-content\/uploads\/2021\/12\/WhatsApp-Image-2021-12-20-at-8.56.37-AM-300x135.jpeg 300w, https:\/\/argentinakickboxing.com\/wp-content\/uploads\/2021\/12\/WhatsApp-Image-2021-12-20-at-8.56.37-AM-768x346.jpeg 768w, https:\/\/argentinakickboxing.com\/wp-content\/uploads\/2021\/12\/WhatsApp-Image-2021-12-20-at-8.56.37-AM-1536x692.jpeg 1536w, https:\/\/argentinakickboxing.com\/wp-content\/uploads\/2021\/12\/WhatsApp-Image-2021-12-20-at-8.56.37-AM-600x270.jpeg 600w, https:\/\/argentinakickboxing.com\/wp-content\/uploads\/2021\/12\/WhatsApp-Image-2021-12-20-at-8.56.37-AM.jpeg 1600w\" sizes=\"(max-width: 1024px) 100vw, 1024px\" \/><figcaption id=\"caption-attachment-3892\" class=\"wp-caption-text\">Mesa de Examen de 1\u00b0 Dan<\/figcaption><\/figure><p>En esta oportunidad en la Sede Central de la ciudad de Buenos Aires obtuvieron su cintur\u00f3n\u00a0 negro 1\u00b0 Dan Maximiliano Paredes, Juan Cruz Gim\u00e9nez, Martin Gadea,\u00a0 Ra\u00fal Alvarenga, Carlos Rozzi, Gabriel Caseres, Juan Forcado, Nicolas Quiroz, Iara Culla y Yohan Espinoza\u00a0 (Villa Mercedes \u00a0&#8211;\u00a0 San Luis)<\/p><p>Los mismos estuvieron evaluados\u00a0 por los profesores Alejo Gabay, Mat\u00edas Murillo\u00a0 4\u00b0 Danes,\u00a0 los 3\u00b0 Danes Ignacio Morel, Carlos Fama, V\u00edctor Cleri,\u00a0 Guillermo Diana, Federico As\u00eds, Juan Ch\u00e1vez, Eva Jacome,\u00a0 el 2\u00b0 Dan Alan Maldonado y los 1\u00b0 Danes\u00a0 Marcelo S\u00e1nchez, Carlos Losciales,\u00a0 Maximiliano Dagata. La fiscalizaci\u00f3n general estuvo a cargo\u00a0 del maestro 6\u00b0 Dan Juan Corrales<\/p><p>Luego continuo la mesa de evaluaci\u00f3n de 2\u00b0 Danes quienes fueron evaluados \u00a0Guido Miano, Mat\u00edas Avilas, Marcelo S\u00e1nchez, Gast\u00f3n Suri, Eduardo Burga Montoya, Gast\u00f3n Sevilla y Fabian Varela.<\/p><figure id=\"attachment_3893\" aria-describedby=\"caption-attachment-3893\" style=\"width: 1024px\" class=\"wp-caption aligncenter\"><img decoding=\"async\" class=\"wp-image-3893 size-large\" src=\"https:\/\/argentinakickboxing.com\/wp-content\/uploads\/2021\/12\/WhatsApp-Image-2021-12-20-at-8.55.48-AM-1024x461.jpeg\" alt=\"\" width=\"1024\" height=\"461\" srcset=\"https:\/\/argentinakickboxing.com\/wp-content\/uploads\/2021\/12\/WhatsApp-Image-2021-12-20-at-8.55.48-AM-1024x461.jpeg 1024w, https:\/\/argentinakickboxing.com\/wp-content\/uploads\/2021\/12\/WhatsApp-Image-2021-12-20-at-8.55.48-AM-300x135.jpeg 300w, https:\/\/argentinakickboxing.com\/wp-content\/uploads\/2021\/12\/WhatsApp-Image-2021-12-20-at-8.55.48-AM-768x346.jpeg 768w, https:\/\/argentinakickboxing.com\/wp-content\/uploads\/2021\/12\/WhatsApp-Image-2021-12-20-at-8.55.48-AM-1536x692.jpeg 1536w, https:\/\/argentinakickboxing.com\/wp-content\/uploads\/2021\/12\/WhatsApp-Image-2021-12-20-at-8.55.48-AM-600x270.jpeg 600w, https:\/\/argentinakickboxing.com\/wp-content\/uploads\/2021\/12\/WhatsApp-Image-2021-12-20-at-8.55.48-AM.jpeg 1600w\" sizes=\"(max-width: 1024px) 100vw, 1024px\" \/><figcaption id=\"caption-attachment-3893\" class=\"wp-caption-text\">Mesa de examen de 2\u00b0 Dan<\/figcaption><\/figure><p>Ellos fueron\u00a0 evaluados los profesores Alejo Gabay, Mat\u00edas Murillo \u00a04\u00b0 Danes,\u00a0 3\u00b0 Danes Ignacio Morel, Carlos Fama, V\u00edctor Cleri,\u00a0 Guillermo Diana, Federico As\u00eds, Juan Ch\u00e1vez, Eva Jacome,\u00a0 2\u00b0 Dan Alan Maldonado y la fiscalizaci\u00f3n general de Juan Corrales 6\u00b0 DAN.<\/p><p>Para finalizar la mesa, rindieron para obtener sus nuevas graduaciones Gabriel Silvestri para 3\u00b0 Dan e Ignacio Morel para 4\u00b0 Dan\u00a0<\/p><figure id=\"attachment_3894\" aria-describedby=\"caption-attachment-3894\" style=\"width: 1024px\" class=\"wp-caption aligncenter\"><img decoding=\"async\" class=\"wp-image-3894 size-large\" src=\"https:\/\/argentinakickboxing.com\/wp-content\/uploads\/2021\/12\/WhatsApp-Image-2021-12-20-at-9.42.06-AM-1024x461.jpeg\" alt=\"\" width=\"1024\" height=\"461\" srcset=\"https:\/\/argentinakickboxing.com\/wp-content\/uploads\/2021\/12\/WhatsApp-Image-2021-12-20-at-9.42.06-AM-1024x461.jpeg 1024w, https:\/\/argentinakickboxing.com\/wp-content\/uploads\/2021\/12\/WhatsApp-Image-2021-12-20-at-9.42.06-AM-300x135.jpeg 300w, https:\/\/argentinakickboxing.com\/wp-content\/uploads\/2021\/12\/WhatsApp-Image-2021-12-20-at-9.42.06-AM-768x346.jpeg 768w, https:\/\/argentinakickboxing.com\/wp-content\/uploads\/2021\/12\/WhatsApp-Image-2021-12-20-at-9.42.06-AM-1536x692.jpeg 1536w, https:\/\/argentinakickboxing.com\/wp-content\/uploads\/2021\/12\/WhatsApp-Image-2021-12-20-at-9.42.06-AM-600x270.jpeg 600w, https:\/\/argentinakickboxing.com\/wp-content\/uploads\/2021\/12\/WhatsApp-Image-2021-12-20-at-9.42.06-AM.jpeg 1600w\" sizes=\"(max-width: 1024px) 100vw, 1024px\" \/><figcaption id=\"caption-attachment-3894\" class=\"wp-caption-text\">Mesa examen de 3\u00b0 y 4\u00b0 Dan<\/figcaption><\/figure><p>Los mismos fueron evaluados por los profesores\u00a0 Leonardo Ju\u00e1rez y Mat\u00edas Murillo\u00a0 4\u00b0 Danes y fiscalizados por \u00a0el maestro 6\u00b0 Dan Juan Corrales<\/p><p>Felicitaciones profesores de la Federaci\u00f3n Argentina de Kickboxing por sus logros.<\/p>\t\t\t\t\t\t\t\t<\/div>\n\t\t\t\t<\/div>\n\t\t\t\t\t<\/div>\n\t\t<\/div>\n\t\t\t\t\t<\/div>\n\t\t<\/section>\n\t\t\t\t<\/div>\n\t\t<aside class=\"mashsb-container mashsb-main mashsb-stretched\"><div class=\"mashsb-box\"><div class=\"mashsb-buttons\"><a class=\"mashicon-facebook mash-medium mash-center mashsb-noshadow\" href=\"https:\/\/www.facebook.com\/sharer.php?u=https%3A%2F%2Fargentinakickboxing.com%2F%3Fp%3D3886\" target=\"_top\" rel=\"nofollow\"><span class=\"icon\"><\/span><span class=\"text\">Share<\/span><\/a><a class=\"mashicon-twitter mash-medium mash-center mashsb-noshadow\" href=\"https:\/\/twitter.com\/intent\/tweet?text=&amp;url=https:\/\/argentinakickboxing.com\/?p=3886\" target=\"_top\" rel=\"nofollow\"><span class=\"icon\"><\/span><span class=\"text\">Tweet<\/span><\/a><div class=\"onoffswitch2 mash-medium mashsb-noshadow\" style=\"display:none\"><\/div><\/div>\n            <\/div>\n                <div style=\"clear:both\"><\/div><div class=\"mashsb-toggle-container\"><\/div><\/aside>\n            <!-- Share buttons by mashshare.net - Version: 4.0.47-->","protected":false},"excerpt":{"rendered":"<p>Federaci\u00f3n Argentina de Kickboxing La Federaci\u00f3n Argentina de Kickboxing realiz\u00f3 la tradicional mesa de examen de cinturones negros del mes de diciembre. En esta oportunidad en la Sede Central de la ciudad de Buenos Aires obtuvieron su cintur\u00f3n\u00a0 negro 1\u00b0 Dan Maximiliano Paredes, Juan Cruz Gim\u00e9nez, Martin Gadea,\u00a0 Ra\u00fal Alvarenga, Carlos Rozzi, Gabriel Caseres, Juan &hellip;<\/p>\n<p class=\"read-more\"> <a class=\"\" href=\"https:\/\/argentinakickboxing.com\/?p=3886\"> <span class=\"screen-reader-text\">Ex\u00e1menes de cinturones negros<\/span> Leer m\u00e1s &raquo;<\/a><\/p>\n","protected":false},"author":1,"featured_media":0,"comment_status":"open","ping_status":"open","sticky":false,"template":"","format":"standard","meta":{"footnotes":""},"categories":[1],"tags":[],"class_list":["post-3886","post","type-post","status-publish","format-standard","hentry","category-sin-categoria"],"yoast_head":"<!-- This site is optimized with the Yoast SEO plugin v26.8 - https:\/\/yoast.com\/product\/yoast-seo-wordpress\/ -->\n<title>Ex\u00e1menes de cinturones negros - Federaci\u00f3n Argentina de Kickboxing<\/title>\n<meta name=\"robots\" content=\"index, follow, max-snippet:-1, max-image-preview:large, max-video-preview:-1\" \/>\n<link rel=\"canonical\" href=\"https:\/\/argentinakickboxing.com\/?p=3886\" \/>\n<meta property=\"og:locale\" content=\"es_ES\" \/>\n<meta property=\"og:type\" content=\"article\" \/>\n<meta property=\"og:title\" content=\"Ex\u00e1menes de cinturones negros - Federaci\u00f3n Argentina de Kickboxing\" \/>\n<meta property=\"og:description\" content=\"Federaci\u00f3n Argentina de Kickboxing La Federaci\u00f3n Argentina de Kickboxing realiz\u00f3 la tradicional mesa de examen de cinturones negros del mes de diciembre. En esta oportunidad en la Sede Central de la ciudad de Buenos Aires obtuvieron su cintur\u00f3n\u00a0 negro 1\u00b0 Dan Maximiliano Paredes, Juan Cruz Gim\u00e9nez, Martin Gadea,\u00a0 Ra\u00fal Alvarenga, Carlos Rozzi, Gabriel Caseres, Juan &hellip; Ex\u00e1menes de cinturones negros Leer m\u00e1s &raquo;\" \/>\n<meta property=\"og:url\" content=\"https:\/\/argentinakickboxing.com\/?p=3886\" \/>\n<meta property=\"og:site_name\" content=\"Federaci\u00f3n Argentina de Kickboxing\" \/>\n<meta property=\"article:published_time\" content=\"2021-12-20T12:50:00+00:00\" \/>\n<meta property=\"article:modified_time\" content=\"2021-12-20T13:05:13+00:00\" \/>\n<meta property=\"og:image\" content=\"https:\/\/argentinakickboxing.com\/wp-content\/uploads\/2021\/12\/WhatsApp-Image-2021-12-20-at-8.56.37-AM-1024x461.jpeg\" \/>\n<meta name=\"author\" content=\"contactofakb\" \/>\n<meta name=\"twitter:card\" content=\"summary_large_image\" \/>\n<meta name=\"twitter:label1\" content=\"Escrito por\" \/>\n\t<meta name=\"twitter:data1\" content=\"contactofakb\" \/>\n\t<meta name=\"twitter:label2\" content=\"Tiempo de lectura\" \/>\n\t<meta name=\"twitter:data2\" content=\"1 minuto\" \/>\n<script type=\"application\/ld+json\" class=\"yoast-schema-graph\">{\"@context\":\"https:\/\/schema.org\",\"@graph\":[{\"@type\":\"Article\",\"@id\":\"https:\/\/argentinakickboxing.com\/?p=3886#article\",\"isPartOf\":{\"@id\":\"https:\/\/argentinakickboxing.com\/?p=3886\"},\"author\":{\"name\":\"contactofakb\",\"@id\":\"https:\/\/argentinakickboxing.com\/#\/schema\/person\/9db6d76fe23e597771946985bdd1eab7\"},\"headline\":\"Ex\u00e1menes de cinturones negros\",\"datePublished\":\"2021-12-20T12:50:00+00:00\",\"dateModified\":\"2021-12-20T13:05:13+00:00\",\"mainEntityOfPage\":{\"@id\":\"https:\/\/argentinakickboxing.com\/?p=3886\"},\"wordCount\":298,\"commentCount\":0,\"publisher\":{\"@id\":\"https:\/\/argentinakickboxing.com\/#organization\"},\"image\":{\"@id\":\"https:\/\/argentinakickboxing.com\/?p=3886#primaryimage\"},\"thumbnailUrl\":\"https:\/\/argentinakickboxing.com\/wp-content\/uploads\/2021\/12\/WhatsApp-Image-2021-12-20-at-8.56.37-AM-1024x461.jpeg\",\"inLanguage\":\"es\",\"potentialAction\":[{\"@type\":\"CommentAction\",\"name\":\"Comment\",\"target\":[\"https:\/\/argentinakickboxing.com\/?p=3886#respond\"]}]},{\"@type\":\"WebPage\",\"@id\":\"https:\/\/argentinakickboxing.com\/?p=3886\",\"url\":\"https:\/\/argentinakickboxing.com\/?p=3886\",\"name\":\"Ex\u00e1menes de cinturones negros - Federaci\u00f3n Argentina de Kickboxing\",\"isPartOf\":{\"@id\":\"https:\/\/argentinakickboxing.com\/#website\"},\"primaryImageOfPage\":{\"@id\":\"https:\/\/argentinakickboxing.com\/?p=3886#primaryimage\"},\"image\":{\"@id\":\"https:\/\/argentinakickboxing.com\/?p=3886#primaryimage\"},\"thumbnailUrl\":\"https:\/\/argentinakickboxing.com\/wp-content\/uploads\/2021\/12\/WhatsApp-Image-2021-12-20-at-8.56.37-AM-1024x461.jpeg\",\"datePublished\":\"2021-12-20T12:50:00+00:00\",\"dateModified\":\"2021-12-20T13:05:13+00:00\",\"breadcrumb\":{\"@id\":\"https:\/\/argentinakickboxing.com\/?p=3886#breadcrumb\"},\"inLanguage\":\"es\",\"potentialAction\":[{\"@type\":\"ReadAction\",\"target\":[\"https:\/\/argentinakickboxing.com\/?p=3886\"]}]},{\"@type\":\"ImageObject\",\"inLanguage\":\"es\",\"@id\":\"https:\/\/argentinakickboxing.com\/?p=3886#primaryimage\",\"url\":\"https:\/\/argentinakickboxing.com\/wp-content\/uploads\/2021\/12\/WhatsApp-Image-2021-12-20-at-8.56.37-AM.jpeg\",\"contentUrl\":\"https:\/\/argentinakickboxing.com\/wp-content\/uploads\/2021\/12\/WhatsApp-Image-2021-12-20-at-8.56.37-AM.jpeg\",\"width\":1600,\"height\":721},{\"@type\":\"BreadcrumbList\",\"@id\":\"https:\/\/argentinakickboxing.com\/?p=3886#breadcrumb\",\"itemListElement\":[{\"@type\":\"ListItem\",\"position\":1,\"name\":\"Home\",\"item\":\"https:\/\/argentinakickboxing.com\/\"},{\"@type\":\"ListItem\",\"position\":2,\"name\":\"Ex\u00e1menes de cinturones negros\"}]},{\"@type\":\"WebSite\",\"@id\":\"https:\/\/argentinakickboxing.com\/#website\",\"url\":\"https:\/\/argentinakickboxing.com\/\",\"name\":\"Federaci\u00f3n Argentina de Kickboxing\",\"description\":\"Sitio oficial del kickboxing en Argentina\",\"publisher\":{\"@id\":\"https:\/\/argentinakickboxing.com\/#organization\"},\"potentialAction\":[{\"@type\":\"SearchAction\",\"target\":{\"@type\":\"EntryPoint\",\"urlTemplate\":\"https:\/\/argentinakickboxing.com\/?s={search_term_string}\"},\"query-input\":{\"@type\":\"PropertyValueSpecification\",\"valueRequired\":true,\"valueName\":\"search_term_string\"}}],\"inLanguage\":\"es\"},{\"@type\":\"Organization\",\"@id\":\"https:\/\/argentinakickboxing.com\/#organization\",\"name\":\"Federaci\u00f3n Argentina de Kickboxing\",\"url\":\"https:\/\/argentinakickboxing.com\/\",\"logo\":{\"@type\":\"ImageObject\",\"inLanguage\":\"es\",\"@id\":\"https:\/\/argentinakickboxing.com\/#\/schema\/logo\/image\/\",\"url\":\"https:\/\/argentinakickboxing.com\/wp-content\/uploads\/2024\/03\/cropped-Captura-de-pantalla-2024-03-21-180747.jpg\",\"contentUrl\":\"https:\/\/argentinakickboxing.com\/wp-content\/uploads\/2024\/03\/cropped-Captura-de-pantalla-2024-03-21-180747.jpg\",\"width\":1139,\"height\":173,\"caption\":\"Federaci\u00f3n Argentina de Kickboxing\"},\"image\":{\"@id\":\"https:\/\/argentinakickboxing.com\/#\/schema\/logo\/image\/\"}},{\"@type\":\"Person\",\"@id\":\"https:\/\/argentinakickboxing.com\/#\/schema\/person\/9db6d76fe23e597771946985bdd1eab7\",\"name\":\"contactofakb\",\"image\":{\"@type\":\"ImageObject\",\"inLanguage\":\"es\",\"@id\":\"https:\/\/argentinakickboxing.com\/#\/schema\/person\/image\/\",\"url\":\"https:\/\/secure.gravatar.com\/avatar\/e5f226cbadf1d7c339267b1784f94b8c?s=96&d=mm&r=g\",\"contentUrl\":\"https:\/\/secure.gravatar.com\/avatar\/e5f226cbadf1d7c339267b1784f94b8c?s=96&d=mm&r=g\",\"caption\":\"contactofakb\"},\"sameAs\":[\"https:\/\/argentinakickboxing.com\"],\"url\":\"https:\/\/argentinakickboxing.com\/?author=1\"}]}<\/script>\n<!-- \/ Yoast SEO plugin. -->","yoast_head_json":{"title":"Ex\u00e1menes de cinturones negros - Federaci\u00f3n Argentina de Kickboxing","robots":{"index":"index","follow":"follow","max-snippet":"max-snippet:-1","max-image-preview":"max-image-preview:large","max-video-preview":"max-video-preview:-1"},"canonical":"https:\/\/argentinakickboxing.com\/?p=3886","og_locale":"es_ES","og_type":"article","og_title":"Ex\u00e1menes de cinturones negros - Federaci\u00f3n Argentina de Kickboxing","og_description":"Federaci\u00f3n Argentina de Kickboxing La Federaci\u00f3n Argentina de Kickboxing realiz\u00f3 la tradicional mesa de examen de cinturones negros del mes de diciembre. En esta oportunidad en la Sede Central de la ciudad de Buenos Aires obtuvieron su cintur\u00f3n\u00a0 negro 1\u00b0 Dan Maximiliano Paredes, Juan Cruz Gim\u00e9nez, Martin Gadea,\u00a0 Ra\u00fal Alvarenga, Carlos Rozzi, Gabriel Caseres, Juan &hellip; Ex\u00e1menes de cinturones negros Leer m\u00e1s &raquo;","og_url":"https:\/\/argentinakickboxing.com\/?p=3886","og_site_name":"Federaci\u00f3n Argentina de Kickboxing","article_published_time":"2021-12-20T12:50:00+00:00","article_modified_time":"2021-12-20T13:05:13+00:00","og_image":[{"url":"https:\/\/argentinakickboxing.com\/wp-content\/uploads\/2021\/12\/WhatsApp-Image-2021-12-20-at-8.56.37-AM-1024x461.jpeg","type":"","width":"","height":""}],"author":"contactofakb","twitter_card":"summary_large_image","twitter_misc":{"Escrito por":"contactofakb","Tiempo de lectura":"1 minuto"},"schema":{"@context":"https:\/\/schema.org","@graph":[{"@type":"Article","@id":"https:\/\/argentinakickboxing.com\/?p=3886#article","isPartOf":{"@id":"https:\/\/argentinakickboxing.com\/?p=3886"},"author":{"name":"contactofakb","@id":"https:\/\/argentinakickboxing.com\/#\/schema\/person\/9db6d76fe23e597771946985bdd1eab7"},"headline":"Ex\u00e1menes de cinturones negros","datePublished":"2021-12-20T12:50:00+00:00","dateModified":"2021-12-20T13:05:13+00:00","mainEntityOfPage":{"@id":"https:\/\/argentinakickboxing.com\/?p=3886"},"wordCount":298,"commentCount":0,"publisher":{"@id":"https:\/\/argentinakickboxing.com\/#organization"},"image":{"@id":"https:\/\/argentinakickboxing.com\/?p=3886#primaryimage"},"thumbnailUrl":"https:\/\/argentinakickboxing.com\/wp-content\/uploads\/2021\/12\/WhatsApp-Image-2021-12-20-at-8.56.37-AM-1024x461.jpeg","inLanguage":"es","potentialAction":[{"@type":"CommentAction","name":"Comment","target":["https:\/\/argentinakickboxing.com\/?p=3886#respond"]}]},{"@type":"WebPage","@id":"https:\/\/argentinakickboxing.com\/?p=3886","url":"https:\/\/argentinakickboxing.com\/?p=3886","name":"Ex\u00e1menes de cinturones negros - Federaci\u00f3n Argentina de Kickboxing","isPartOf":{"@id":"https:\/\/argentinakickboxing.com\/#website"},"primaryImageOfPage":{"@id":"https:\/\/argentinakickboxing.com\/?p=3886#primaryimage"},"image":{"@id":"https:\/\/argentinakickboxing.com\/?p=3886#primaryimage"},"thumbnailUrl":"https:\/\/argentinakickboxing.com\/wp-content\/uploads\/2021\/12\/WhatsApp-Image-2021-12-20-at-8.56.37-AM-1024x461.jpeg","datePublished":"2021-12-20T12:50:00+00:00","dateModified":"2021-12-20T13:05:13+00:00","breadcrumb":{"@id":"https:\/\/argentinakickboxing.com\/?p=3886#breadcrumb"},"inLanguage":"es","potentialAction":[{"@type":"ReadAction","target":["https:\/\/argentinakickboxing.com\/?p=3886"]}]},{"@type":"ImageObject","inLanguage":"es","@id":"https:\/\/argentinakickboxing.com\/?p=3886#primaryimage","url":"https:\/\/argentinakickboxing.com\/wp-content\/uploads\/2021\/12\/WhatsApp-Image-2021-12-20-at-8.56.37-AM.jpeg","contentUrl":"https:\/\/argentinakickboxing.com\/wp-content\/uploads\/2021\/12\/WhatsApp-Image-2021-12-20-at-8.56.37-AM.jpeg","width":1600,"height":721},{"@type":"BreadcrumbList","@id":"https:\/\/argentinakickboxing.com\/?p=3886#breadcrumb","itemListElement":[{"@type":"ListItem","position":1,"name":"Home","item":"https:\/\/argentinakickboxing.com\/"},{"@type":"ListItem","position":2,"name":"Ex\u00e1menes de cinturones negros"}]},{"@type":"WebSite","@id":"https:\/\/argentinakickboxing.com\/#website","url":"https:\/\/argentinakickboxing.com\/","name":"Federaci\u00f3n Argentina de Kickboxing","description":"Sitio oficial del kickboxing en Argentina","publisher":{"@id":"https:\/\/argentinakickboxing.com\/#organization"},"potentialAction":[{"@type":"SearchAction","target":{"@type":"EntryPoint","urlTemplate":"https:\/\/argentinakickboxing.com\/?s={search_term_string}"},"query-input":{"@type":"PropertyValueSpecification","valueRequired":true,"valueName":"search_term_string"}}],"inLanguage":"es"},{"@type":"Organization","@id":"https:\/\/argentinakickboxing.com\/#organization","name":"Federaci\u00f3n Argentina de Kickboxing","url":"https:\/\/argentinakickboxing.com\/","logo":{"@type":"ImageObject","inLanguage":"es","@id":"https:\/\/argentinakickboxing.com\/#\/schema\/logo\/image\/","url":"https:\/\/argentinakickboxing.com\/wp-content\/uploads\/2024\/03\/cropped-Captura-de-pantalla-2024-03-21-180747.jpg","contentUrl":"https:\/\/argentinakickboxing.com\/wp-content\/uploads\/2024\/03\/cropped-Captura-de-pantalla-2024-03-21-180747.jpg","width":1139,"height":173,"caption":"Federaci\u00f3n Argentina de Kickboxing"},"image":{"@id":"https:\/\/argentinakickboxing.com\/#\/schema\/logo\/image\/"}},{"@type":"Person","@id":"https:\/\/argentinakickboxing.com\/#\/schema\/person\/9db6d76fe23e597771946985bdd1eab7","name":"contactofakb","image":{"@type":"ImageObject","inLanguage":"es","@id":"https:\/\/argentinakickboxing.com\/#\/schema\/person\/image\/","url":"https:\/\/secure.gravatar.com\/avatar\/e5f226cbadf1d7c339267b1784f94b8c?s=96&d=mm&r=g","contentUrl":"https:\/\/secure.gravatar.com\/avatar\/e5f226cbadf1d7c339267b1784f94b8c?s=96&d=mm&r=g","caption":"contactofakb"},"sameAs":["https:\/\/argentinakickboxing.com"],"url":"https:\/\/argentinakickboxing.com\/?author=1"}]}},"_links":{"self":[{"href":"https:\/\/argentinakickboxing.com\/index.php?rest_route=\/wp\/v2\/posts\/3886","targetHints":{"allow":["GET"]}}],"collection":[{"href":"https:\/\/argentinakickboxing.com\/index.php?rest_route=\/wp\/v2\/posts"}],"about":[{"href":"https:\/\/argentinakickboxing.com\/index.php?rest_route=\/wp\/v2\/types\/post"}],"author":[{"embeddable":true,"href":"https:\/\/argentinakickboxing.com\/index.php?rest_route=\/wp\/v2\/users\/1"}],"replies":[{"embeddable":true,"href":"https:\/\/argentinakickboxing.com\/index.php?rest_route=%2Fwp%2Fv2%2Fcomments&post=3886"}],"version-history":[{"count":16,"href":"https:\/\/argentinakickboxing.com\/index.php?rest_route=\/wp\/v2\/posts\/3886\/revisions"}],"predecessor-version":[{"id":3906,"href":"https:\/\/argentinakickboxing.com\/index.php?rest_route=\/wp\/v2\/posts\/3886\/revisions\/3906"}],"wp:attachment":[{"href":"https:\/\/argentinakickboxing.com\/index.php?rest_route=%2Fwp%2Fv2%2Fmedia&parent=3886"}],"wp:term":[{"taxonomy":"category","embeddable":true,"href":"https:\/\/argentinakickboxing.com\/index.php?rest_route=%2Fwp%2Fv2%2Fcategories&post=3886"},{"taxonomy":"post_tag","embeddable":true,"href":"https:\/\/argentinakickboxing.com\/index.php?rest_route=%2Fwp%2Fv2%2Ftags&post=3886"}],"curies":[{"name":"wp","href":"https:\/\/api.w.org\/{rel}","templated":true}]}}