{"id":3038,"date":"2021-08-16T20:33:03","date_gmt":"2021-08-16T20:33:03","guid":{"rendered":"https:\/\/argentinakickboxing.com\/?p=3038"},"modified":"2021-08-16T20:37:30","modified_gmt":"2021-08-16T20:37:30","slug":"14-de-agosto-mar-del-plata","status":"publish","type":"post","link":"https:\/\/argentinakickboxing.com\/?p=3038","title":{"rendered":"14 de agosto |  Mar del Plata"},"content":{"rendered":"\t\t<div data-elementor-type=\"wp-post\" data-elementor-id=\"3038\" class=\"elementor elementor-3038\">\n\t\t\t\t\t\t<section class=\"elementor-section elementor-top-section elementor-element elementor-element-8f031e5 elementor-section-boxed elementor-section-height-default elementor-section-height-default\" data-id=\"8f031e5\" data-element_type=\"section\">\n\t\t\t\t\t\t<div class=\"elementor-container elementor-column-gap-default\">\n\t\t\t\t\t<div class=\"elementor-column elementor-col-100 elementor-top-column elementor-element elementor-element-0e0cea7\" data-id=\"0e0cea7\" data-element_type=\"column\">\n\t\t\t<div class=\"elementor-widget-wrap elementor-element-populated\">\n\t\t\t\t\t\t<div class=\"elementor-element elementor-element-801bf20 elementor-invisible elementor-widget elementor-widget-heading\" data-id=\"801bf20\" data-element_type=\"widget\" data-settings=\"{&quot;_animation&quot;:&quot;fadeInRight&quot;}\" data-widget_type=\"heading.default\">\n\t\t\t\t<div class=\"elementor-widget-container\">\n\t\t\t\t\t<h2 class=\"elementor-heading-title elementor-size-default\">Mesa de cinturones de color<\/h2>\t\t\t\t<\/div>\n\t\t\t\t<\/div>\n\t\t\t\t\t<\/div>\n\t\t<\/div>\n\t\t\t\t\t<\/div>\n\t\t<\/section>\n\t\t\t\t<section class=\"elementor-section elementor-top-section elementor-element elementor-element-40ce346 elementor-section-full_width elementor-section-height-default elementor-section-height-default\" data-id=\"40ce346\" data-element_type=\"section\">\n\t\t\t\t\t\t\t<div class=\"elementor-background-overlay\"><\/div>\n\t\t\t\t\t\t\t<div class=\"elementor-container elementor-column-gap-default\">\n\t\t\t\t\t<div class=\"elementor-column elementor-col-50 elementor-top-column elementor-element elementor-element-6ac8bca\" data-id=\"6ac8bca\" data-element_type=\"column\">\n\t\t\t<div class=\"elementor-widget-wrap elementor-element-populated\">\n\t\t\t\t\t\t<div class=\"elementor-element elementor-element-db70c1b elementor-widget elementor-widget-image\" data-id=\"db70c1b\" data-element_type=\"widget\" data-widget_type=\"image.default\">\n\t\t\t\t<div class=\"elementor-widget-container\">\n\t\t\t\t\t\t\t\t\t\t\t\t\t\t\t<img fetchpriority=\"high\" decoding=\"async\" width=\"1024\" height=\"768\" src=\"https:\/\/argentinakickboxing.com\/wp-content\/uploads\/2021\/08\/WhatsApp-Image-2021-08-16-at-10.59.42-AM-1-1024x768.jpeg\" class=\"attachment-large size-large wp-image-3043\" alt=\"\" srcset=\"https:\/\/argentinakickboxing.com\/wp-content\/uploads\/2021\/08\/WhatsApp-Image-2021-08-16-at-10.59.42-AM-1-1024x768.jpeg 1024w, https:\/\/argentinakickboxing.com\/wp-content\/uploads\/2021\/08\/WhatsApp-Image-2021-08-16-at-10.59.42-AM-1-300x225.jpeg 300w, https:\/\/argentinakickboxing.com\/wp-content\/uploads\/2021\/08\/WhatsApp-Image-2021-08-16-at-10.59.42-AM-1-768x576.jpeg 768w, https:\/\/argentinakickboxing.com\/wp-content\/uploads\/2021\/08\/WhatsApp-Image-2021-08-16-at-10.59.42-AM-1-600x450.jpeg 600w, https:\/\/argentinakickboxing.com\/wp-content\/uploads\/2021\/08\/WhatsApp-Image-2021-08-16-at-10.59.42-AM-1.jpeg 1280w\" sizes=\"(max-width: 1024px) 100vw, 1024px\" \/>\t\t\t\t\t\t\t\t\t\t\t\t\t\t\t<\/div>\n\t\t\t\t<\/div>\n\t\t\t\t<div class=\"elementor-element elementor-element-d8fca5b elementor-widget elementor-widget-image\" data-id=\"d8fca5b\" data-element_type=\"widget\" data-widget_type=\"image.default\">\n\t\t\t\t<div class=\"elementor-widget-container\">\n\t\t\t\t\t\t\t\t\t\t\t\t\t\t\t<img decoding=\"async\" width=\"1024\" height=\"768\" src=\"https:\/\/argentinakickboxing.com\/wp-content\/uploads\/2021\/08\/WhatsApp-Image-2021-08-16-at-10.59.42-AM-1024x768.jpeg\" class=\"attachment-large size-large wp-image-3044\" alt=\"\" srcset=\"https:\/\/argentinakickboxing.com\/wp-content\/uploads\/2021\/08\/WhatsApp-Image-2021-08-16-at-10.59.42-AM-1024x768.jpeg 1024w, https:\/\/argentinakickboxing.com\/wp-content\/uploads\/2021\/08\/WhatsApp-Image-2021-08-16-at-10.59.42-AM-300x225.jpeg 300w, https:\/\/argentinakickboxing.com\/wp-content\/uploads\/2021\/08\/WhatsApp-Image-2021-08-16-at-10.59.42-AM-768x576.jpeg 768w, https:\/\/argentinakickboxing.com\/wp-content\/uploads\/2021\/08\/WhatsApp-Image-2021-08-16-at-10.59.42-AM-600x450.jpeg 600w, https:\/\/argentinakickboxing.com\/wp-content\/uploads\/2021\/08\/WhatsApp-Image-2021-08-16-at-10.59.42-AM.jpeg 1280w\" sizes=\"(max-width: 1024px) 100vw, 1024px\" \/>\t\t\t\t\t\t\t\t\t\t\t\t\t\t\t<\/div>\n\t\t\t\t<\/div>\n\t\t\t\t<div class=\"elementor-element elementor-element-a9b0abd elementor-widget elementor-widget-image\" data-id=\"a9b0abd\" data-element_type=\"widget\" data-widget_type=\"image.default\">\n\t\t\t\t<div class=\"elementor-widget-container\">\n\t\t\t\t\t\t\t\t\t\t\t\t\t\t\t<img decoding=\"async\" width=\"1024\" height=\"768\" src=\"https:\/\/argentinakickboxing.com\/wp-content\/uploads\/2021\/08\/WhatsApp-Image-2021-08-16-at-10.59.42-AM-2-1024x768.jpeg\" class=\"attachment-large size-large wp-image-3045\" alt=\"\" srcset=\"https:\/\/argentinakickboxing.com\/wp-content\/uploads\/2021\/08\/WhatsApp-Image-2021-08-16-at-10.59.42-AM-2-1024x768.jpeg 1024w, https:\/\/argentinakickboxing.com\/wp-content\/uploads\/2021\/08\/WhatsApp-Image-2021-08-16-at-10.59.42-AM-2-300x225.jpeg 300w, https:\/\/argentinakickboxing.com\/wp-content\/uploads\/2021\/08\/WhatsApp-Image-2021-08-16-at-10.59.42-AM-2-768x576.jpeg 768w, https:\/\/argentinakickboxing.com\/wp-content\/uploads\/2021\/08\/WhatsApp-Image-2021-08-16-at-10.59.42-AM-2-600x450.jpeg 600w, https:\/\/argentinakickboxing.com\/wp-content\/uploads\/2021\/08\/WhatsApp-Image-2021-08-16-at-10.59.42-AM-2.jpeg 1280w\" sizes=\"(max-width: 1024px) 100vw, 1024px\" \/>\t\t\t\t\t\t\t\t\t\t\t\t\t\t\t<\/div>\n\t\t\t\t<\/div>\n\t\t\t\t\t<\/div>\n\t\t<\/div>\n\t\t\t\t<div class=\"elementor-column elementor-col-50 elementor-top-column elementor-element elementor-element-6b232e8\" data-id=\"6b232e8\" data-element_type=\"column\">\n\t\t\t<div class=\"elementor-widget-wrap elementor-element-populated\">\n\t\t\t\t\t\t<div class=\"elementor-element elementor-element-ccd7ff0 elementor-widget elementor-widget-text-editor\" data-id=\"ccd7ff0\" data-element_type=\"widget\" data-widget_type=\"text-editor.default\">\n\t\t\t\t<div class=\"elementor-widget-container\">\n\t\t\t\t\t\t\t\t\t<p>Se realiz\u00f3 la segunda mesa de examen del a\u00f1o en la ciudad de Mar\u00a0 del Plata, en donde rindieron los alumnos de los profesores \u00a0Mabel Zecca 4\u00b0 Dan, Mat\u00edas Casas 2\u00b0 Dan,\u00a0 Juan Barrera 2\u00b0 Dan, Adri\u00e1n Mart\u00ednez\u00a0 2\u00b0 Dan y Pedro Banes 1\u00b0 Dan con la colaboraci\u00f3n del profesor Sebasti\u00e1n Cesar \u00a01\u00b0 Dan<\/p><p>El examen estuvo a cargo de la profesora\u00a0 Mabel Zecca 4\u00b0 Dan . Todos rindieron con un excelente nivel t\u00e9cnico.\u00a0 Felicitaciones<\/p>\t\t\t\t\t\t\t\t<\/div>\n\t\t\t\t<\/div>\n\t\t\t\t\t<\/div>\n\t\t<\/div>\n\t\t\t\t\t<\/div>\n\t\t<\/section>\n\t\t\t\t<\/div>\n\t\t<aside class=\"mashsb-container mashsb-main mashsb-stretched\"><div class=\"mashsb-box\"><div class=\"mashsb-buttons\"><a class=\"mashicon-facebook mash-medium mash-center mashsb-noshadow\" href=\"https:\/\/www.facebook.com\/sharer.php?u=https%3A%2F%2Fargentinakickboxing.com%2F%3Fp%3D3038\" target=\"_top\" rel=\"nofollow\"><span class=\"icon\"><\/span><span class=\"text\">Share<\/span><\/a><a class=\"mashicon-twitter mash-medium mash-center mashsb-noshadow\" href=\"https:\/\/twitter.com\/intent\/tweet?text=&amp;url=https:\/\/argentinakickboxing.com\/?p=3038\" target=\"_top\" rel=\"nofollow\"><span class=\"icon\"><\/span><span class=\"text\">Tweet<\/span><\/a><div class=\"onoffswitch2 mash-medium mashsb-noshadow\" style=\"display:none\"><\/div><\/div>\n            <\/div>\n                <div style=\"clear:both\"><\/div><div class=\"mashsb-toggle-container\"><\/div><\/aside>\n            <!-- Share buttons by mashshare.net - Version: 4.0.47-->","protected":false},"excerpt":{"rendered":"<p>Mesa de cinturones de color Se realiz\u00f3 la segunda mesa de examen del a\u00f1o en la ciudad de Mar\u00a0 del Plata, en donde rindieron los alumnos de los profesores \u00a0Mabel Zecca 4\u00b0 Dan, Mat\u00edas Casas 2\u00b0 Dan,\u00a0 Juan Barrera 2\u00b0 Dan, Adri\u00e1n Mart\u00ednez\u00a0 2\u00b0 Dan y Pedro Banes 1\u00b0 Dan con la colaboraci\u00f3n del profesor &hellip;<\/p>\n<p class=\"read-more\"> <a class=\"\" href=\"https:\/\/argentinakickboxing.com\/?p=3038\"> <span class=\"screen-reader-text\">14 de agosto |  Mar del Plata<\/span> Leer m\u00e1s &raquo;<\/a><\/p>\n","protected":false},"author":1,"featured_media":0,"comment_status":"open","ping_status":"open","sticky":false,"template":"","format":"standard","meta":{"footnotes":""},"categories":[1],"tags":[],"class_list":["post-3038","post","type-post","status-publish","format-standard","hentry","category-sin-categoria"],"yoast_head":"<!-- This site is optimized with the Yoast SEO plugin v26.8 - https:\/\/yoast.com\/product\/yoast-seo-wordpress\/ -->\n<title>14 de agosto | Mar del Plata - Federaci\u00f3n Argentina de Kickboxing<\/title>\n<meta name=\"robots\" content=\"index, follow, max-snippet:-1, max-image-preview:large, max-video-preview:-1\" \/>\n<link rel=\"canonical\" href=\"https:\/\/argentinakickboxing.com\/?p=3038\" \/>\n<meta property=\"og:locale\" content=\"es_ES\" \/>\n<meta property=\"og:type\" content=\"article\" \/>\n<meta property=\"og:title\" content=\"14 de agosto | Mar del Plata - Federaci\u00f3n Argentina de Kickboxing\" \/>\n<meta property=\"og:description\" content=\"Mesa de cinturones de color Se realiz\u00f3 la segunda mesa de examen del a\u00f1o en la ciudad de Mar\u00a0 del Plata, en donde rindieron los alumnos de los profesores \u00a0Mabel Zecca 4\u00b0 Dan, Mat\u00edas Casas 2\u00b0 Dan,\u00a0 Juan Barrera 2\u00b0 Dan, Adri\u00e1n Mart\u00ednez\u00a0 2\u00b0 Dan y Pedro Banes 1\u00b0 Dan con la colaboraci\u00f3n del profesor &hellip; 14 de agosto | Mar del Plata Leer m\u00e1s &raquo;\" \/>\n<meta property=\"og:url\" content=\"https:\/\/argentinakickboxing.com\/?p=3038\" \/>\n<meta property=\"og:site_name\" content=\"Federaci\u00f3n Argentina de Kickboxing\" \/>\n<meta property=\"article:published_time\" content=\"2021-08-16T20:33:03+00:00\" \/>\n<meta property=\"article:modified_time\" content=\"2021-08-16T20:37:30+00:00\" \/>\n<meta property=\"og:image\" content=\"https:\/\/argentinakickboxing.com\/wp-content\/uploads\/2021\/08\/WhatsApp-Image-2021-08-16-at-10.59.42-AM-1-1024x768.jpeg\" \/>\n<meta name=\"author\" content=\"contactofakb\" \/>\n<meta name=\"twitter:card\" content=\"summary_large_image\" \/>\n<meta name=\"twitter:label1\" content=\"Escrito por\" \/>\n\t<meta name=\"twitter:data1\" content=\"contactofakb\" \/>\n<script type=\"application\/ld+json\" class=\"yoast-schema-graph\">{\"@context\":\"https:\/\/schema.org\",\"@graph\":[{\"@type\":\"Article\",\"@id\":\"https:\/\/argentinakickboxing.com\/?p=3038#article\",\"isPartOf\":{\"@id\":\"https:\/\/argentinakickboxing.com\/?p=3038\"},\"author\":{\"name\":\"contactofakb\",\"@id\":\"https:\/\/argentinakickboxing.com\/#\/schema\/person\/9db6d76fe23e597771946985bdd1eab7\"},\"headline\":\"14 de agosto | Mar del Plata\",\"datePublished\":\"2021-08-16T20:33:03+00:00\",\"dateModified\":\"2021-08-16T20:37:30+00:00\",\"mainEntityOfPage\":{\"@id\":\"https:\/\/argentinakickboxing.com\/?p=3038\"},\"wordCount\":84,\"commentCount\":1,\"publisher\":{\"@id\":\"https:\/\/argentinakickboxing.com\/#organization\"},\"image\":{\"@id\":\"https:\/\/argentinakickboxing.com\/?p=3038#primaryimage\"},\"thumbnailUrl\":\"https:\/\/argentinakickboxing.com\/wp-content\/uploads\/2021\/08\/WhatsApp-Image-2021-08-16-at-10.59.42-AM-1-1024x768.jpeg\",\"inLanguage\":\"es\",\"potentialAction\":[{\"@type\":\"CommentAction\",\"name\":\"Comment\",\"target\":[\"https:\/\/argentinakickboxing.com\/?p=3038#respond\"]}]},{\"@type\":\"WebPage\",\"@id\":\"https:\/\/argentinakickboxing.com\/?p=3038\",\"url\":\"https:\/\/argentinakickboxing.com\/?p=3038\",\"name\":\"14 de agosto | Mar del Plata - Federaci\u00f3n Argentina de Kickboxing\",\"isPartOf\":{\"@id\":\"https:\/\/argentinakickboxing.com\/#website\"},\"primaryImageOfPage\":{\"@id\":\"https:\/\/argentinakickboxing.com\/?p=3038#primaryimage\"},\"image\":{\"@id\":\"https:\/\/argentinakickboxing.com\/?p=3038#primaryimage\"},\"thumbnailUrl\":\"https:\/\/argentinakickboxing.com\/wp-content\/uploads\/2021\/08\/WhatsApp-Image-2021-08-16-at-10.59.42-AM-1-1024x768.jpeg\",\"datePublished\":\"2021-08-16T20:33:03+00:00\",\"dateModified\":\"2021-08-16T20:37:30+00:00\",\"breadcrumb\":{\"@id\":\"https:\/\/argentinakickboxing.com\/?p=3038#breadcrumb\"},\"inLanguage\":\"es\",\"potentialAction\":[{\"@type\":\"ReadAction\",\"target\":[\"https:\/\/argentinakickboxing.com\/?p=3038\"]}]},{\"@type\":\"ImageObject\",\"inLanguage\":\"es\",\"@id\":\"https:\/\/argentinakickboxing.com\/?p=3038#primaryimage\",\"url\":\"https:\/\/argentinakickboxing.com\/wp-content\/uploads\/2021\/08\/WhatsApp-Image-2021-08-16-at-10.59.42-AM-1-1024x768.jpeg\",\"contentUrl\":\"https:\/\/argentinakickboxing.com\/wp-content\/uploads\/2021\/08\/WhatsApp-Image-2021-08-16-at-10.59.42-AM-1-1024x768.jpeg\"},{\"@type\":\"BreadcrumbList\",\"@id\":\"https:\/\/argentinakickboxing.com\/?p=3038#breadcrumb\",\"itemListElement\":[{\"@type\":\"ListItem\",\"position\":1,\"name\":\"Home\",\"item\":\"https:\/\/argentinakickboxing.com\/\"},{\"@type\":\"ListItem\",\"position\":2,\"name\":\"14 de agosto | Mar del Plata\"}]},{\"@type\":\"WebSite\",\"@id\":\"https:\/\/argentinakickboxing.com\/#website\",\"url\":\"https:\/\/argentinakickboxing.com\/\",\"name\":\"Federaci\u00f3n Argentina de Kickboxing\",\"description\":\"Sitio oficial del kickboxing en Argentina\",\"publisher\":{\"@id\":\"https:\/\/argentinakickboxing.com\/#organization\"},\"potentialAction\":[{\"@type\":\"SearchAction\",\"target\":{\"@type\":\"EntryPoint\",\"urlTemplate\":\"https:\/\/argentinakickboxing.com\/?s={search_term_string}\"},\"query-input\":{\"@type\":\"PropertyValueSpecification\",\"valueRequired\":true,\"valueName\":\"search_term_string\"}}],\"inLanguage\":\"es\"},{\"@type\":\"Organization\",\"@id\":\"https:\/\/argentinakickboxing.com\/#organization\",\"name\":\"Federaci\u00f3n Argentina de Kickboxing\",\"url\":\"https:\/\/argentinakickboxing.com\/\",\"logo\":{\"@type\":\"ImageObject\",\"inLanguage\":\"es\",\"@id\":\"https:\/\/argentinakickboxing.com\/#\/schema\/logo\/image\/\",\"url\":\"https:\/\/argentinakickboxing.com\/wp-content\/uploads\/2024\/03\/cropped-Captura-de-pantalla-2024-03-21-180747.jpg\",\"contentUrl\":\"https:\/\/argentinakickboxing.com\/wp-content\/uploads\/2024\/03\/cropped-Captura-de-pantalla-2024-03-21-180747.jpg\",\"width\":1139,\"height\":173,\"caption\":\"Federaci\u00f3n Argentina de Kickboxing\"},\"image\":{\"@id\":\"https:\/\/argentinakickboxing.com\/#\/schema\/logo\/image\/\"}},{\"@type\":\"Person\",\"@id\":\"https:\/\/argentinakickboxing.com\/#\/schema\/person\/9db6d76fe23e597771946985bdd1eab7\",\"name\":\"contactofakb\",\"image\":{\"@type\":\"ImageObject\",\"inLanguage\":\"es\",\"@id\":\"https:\/\/argentinakickboxing.com\/#\/schema\/person\/image\/\",\"url\":\"https:\/\/secure.gravatar.com\/avatar\/e5f226cbadf1d7c339267b1784f94b8c?s=96&d=mm&r=g\",\"contentUrl\":\"https:\/\/secure.gravatar.com\/avatar\/e5f226cbadf1d7c339267b1784f94b8c?s=96&d=mm&r=g\",\"caption\":\"contactofakb\"},\"sameAs\":[\"https:\/\/argentinakickboxing.com\"],\"url\":\"https:\/\/argentinakickboxing.com\/?author=1\"}]}<\/script>\n<!-- \/ Yoast SEO plugin. -->","yoast_head_json":{"title":"14 de agosto | Mar del Plata - Federaci\u00f3n Argentina de Kickboxing","robots":{"index":"index","follow":"follow","max-snippet":"max-snippet:-1","max-image-preview":"max-image-preview:large","max-video-preview":"max-video-preview:-1"},"canonical":"https:\/\/argentinakickboxing.com\/?p=3038","og_locale":"es_ES","og_type":"article","og_title":"14 de agosto | Mar del Plata - Federaci\u00f3n Argentina de Kickboxing","og_description":"Mesa de cinturones de color Se realiz\u00f3 la segunda mesa de examen del a\u00f1o en la ciudad de Mar\u00a0 del Plata, en donde rindieron los alumnos de los profesores \u00a0Mabel Zecca 4\u00b0 Dan, Mat\u00edas Casas 2\u00b0 Dan,\u00a0 Juan Barrera 2\u00b0 Dan, Adri\u00e1n Mart\u00ednez\u00a0 2\u00b0 Dan y Pedro Banes 1\u00b0 Dan con la colaboraci\u00f3n del profesor &hellip; 14 de agosto | Mar del Plata Leer m\u00e1s &raquo;","og_url":"https:\/\/argentinakickboxing.com\/?p=3038","og_site_name":"Federaci\u00f3n Argentina de Kickboxing","article_published_time":"2021-08-16T20:33:03+00:00","article_modified_time":"2021-08-16T20:37:30+00:00","og_image":[{"url":"https:\/\/argentinakickboxing.com\/wp-content\/uploads\/2021\/08\/WhatsApp-Image-2021-08-16-at-10.59.42-AM-1-1024x768.jpeg","type":"","width":"","height":""}],"author":"contactofakb","twitter_card":"summary_large_image","twitter_misc":{"Escrito por":"contactofakb"},"schema":{"@context":"https:\/\/schema.org","@graph":[{"@type":"Article","@id":"https:\/\/argentinakickboxing.com\/?p=3038#article","isPartOf":{"@id":"https:\/\/argentinakickboxing.com\/?p=3038"},"author":{"name":"contactofakb","@id":"https:\/\/argentinakickboxing.com\/#\/schema\/person\/9db6d76fe23e597771946985bdd1eab7"},"headline":"14 de agosto | Mar del Plata","datePublished":"2021-08-16T20:33:03+00:00","dateModified":"2021-08-16T20:37:30+00:00","mainEntityOfPage":{"@id":"https:\/\/argentinakickboxing.com\/?p=3038"},"wordCount":84,"commentCount":1,"publisher":{"@id":"https:\/\/argentinakickboxing.com\/#organization"},"image":{"@id":"https:\/\/argentinakickboxing.com\/?p=3038#primaryimage"},"thumbnailUrl":"https:\/\/argentinakickboxing.com\/wp-content\/uploads\/2021\/08\/WhatsApp-Image-2021-08-16-at-10.59.42-AM-1-1024x768.jpeg","inLanguage":"es","potentialAction":[{"@type":"CommentAction","name":"Comment","target":["https:\/\/argentinakickboxing.com\/?p=3038#respond"]}]},{"@type":"WebPage","@id":"https:\/\/argentinakickboxing.com\/?p=3038","url":"https:\/\/argentinakickboxing.com\/?p=3038","name":"14 de agosto | Mar del Plata - Federaci\u00f3n Argentina de Kickboxing","isPartOf":{"@id":"https:\/\/argentinakickboxing.com\/#website"},"primaryImageOfPage":{"@id":"https:\/\/argentinakickboxing.com\/?p=3038#primaryimage"},"image":{"@id":"https:\/\/argentinakickboxing.com\/?p=3038#primaryimage"},"thumbnailUrl":"https:\/\/argentinakickboxing.com\/wp-content\/uploads\/2021\/08\/WhatsApp-Image-2021-08-16-at-10.59.42-AM-1-1024x768.jpeg","datePublished":"2021-08-16T20:33:03+00:00","dateModified":"2021-08-16T20:37:30+00:00","breadcrumb":{"@id":"https:\/\/argentinakickboxing.com\/?p=3038#breadcrumb"},"inLanguage":"es","potentialAction":[{"@type":"ReadAction","target":["https:\/\/argentinakickboxing.com\/?p=3038"]}]},{"@type":"ImageObject","inLanguage":"es","@id":"https:\/\/argentinakickboxing.com\/?p=3038#primaryimage","url":"https:\/\/argentinakickboxing.com\/wp-content\/uploads\/2021\/08\/WhatsApp-Image-2021-08-16-at-10.59.42-AM-1-1024x768.jpeg","contentUrl":"https:\/\/argentinakickboxing.com\/wp-content\/uploads\/2021\/08\/WhatsApp-Image-2021-08-16-at-10.59.42-AM-1-1024x768.jpeg"},{"@type":"BreadcrumbList","@id":"https:\/\/argentinakickboxing.com\/?p=3038#breadcrumb","itemListElement":[{"@type":"ListItem","position":1,"name":"Home","item":"https:\/\/argentinakickboxing.com\/"},{"@type":"ListItem","position":2,"name":"14 de agosto | Mar del Plata"}]},{"@type":"WebSite","@id":"https:\/\/argentinakickboxing.com\/#website","url":"https:\/\/argentinakickboxing.com\/","name":"Federaci\u00f3n Argentina de Kickboxing","description":"Sitio oficial del kickboxing en Argentina","publisher":{"@id":"https:\/\/argentinakickboxing.com\/#organization"},"potentialAction":[{"@type":"SearchAction","target":{"@type":"EntryPoint","urlTemplate":"https:\/\/argentinakickboxing.com\/?s={search_term_string}"},"query-input":{"@type":"PropertyValueSpecification","valueRequired":true,"valueName":"search_term_string"}}],"inLanguage":"es"},{"@type":"Organization","@id":"https:\/\/argentinakickboxing.com\/#organization","name":"Federaci\u00f3n Argentina de Kickboxing","url":"https:\/\/argentinakickboxing.com\/","logo":{"@type":"ImageObject","inLanguage":"es","@id":"https:\/\/argentinakickboxing.com\/#\/schema\/logo\/image\/","url":"https:\/\/argentinakickboxing.com\/wp-content\/uploads\/2024\/03\/cropped-Captura-de-pantalla-2024-03-21-180747.jpg","contentUrl":"https:\/\/argentinakickboxing.com\/wp-content\/uploads\/2024\/03\/cropped-Captura-de-pantalla-2024-03-21-180747.jpg","width":1139,"height":173,"caption":"Federaci\u00f3n Argentina de Kickboxing"},"image":{"@id":"https:\/\/argentinakickboxing.com\/#\/schema\/logo\/image\/"}},{"@type":"Person","@id":"https:\/\/argentinakickboxing.com\/#\/schema\/person\/9db6d76fe23e597771946985bdd1eab7","name":"contactofakb","image":{"@type":"ImageObject","inLanguage":"es","@id":"https:\/\/argentinakickboxing.com\/#\/schema\/person\/image\/","url":"https:\/\/secure.gravatar.com\/avatar\/e5f226cbadf1d7c339267b1784f94b8c?s=96&d=mm&r=g","contentUrl":"https:\/\/secure.gravatar.com\/avatar\/e5f226cbadf1d7c339267b1784f94b8c?s=96&d=mm&r=g","caption":"contactofakb"},"sameAs":["https:\/\/argentinakickboxing.com"],"url":"https:\/\/argentinakickboxing.com\/?author=1"}]}},"_links":{"self":[{"href":"https:\/\/argentinakickboxing.com\/index.php?rest_route=\/wp\/v2\/posts\/3038","targetHints":{"allow":["GET"]}}],"collection":[{"href":"https:\/\/argentinakickboxing.com\/index.php?rest_route=\/wp\/v2\/posts"}],"about":[{"href":"https:\/\/argentinakickboxing.com\/index.php?rest_route=\/wp\/v2\/types\/post"}],"author":[{"embeddable":true,"href":"https:\/\/argentinakickboxing.com\/index.php?rest_route=\/wp\/v2\/users\/1"}],"replies":[{"embeddable":true,"href":"https:\/\/argentinakickboxing.com\/index.php?rest_route=%2Fwp%2Fv2%2Fcomments&post=3038"}],"version-history":[{"count":19,"href":"https:\/\/argentinakickboxing.com\/index.php?rest_route=\/wp\/v2\/posts\/3038\/revisions"}],"predecessor-version":[{"id":3060,"href":"https:\/\/argentinakickboxing.com\/index.php?rest_route=\/wp\/v2\/posts\/3038\/revisions\/3060"}],"wp:attachment":[{"href":"https:\/\/argentinakickboxing.com\/index.php?rest_route=%2Fwp%2Fv2%2Fmedia&parent=3038"}],"wp:term":[{"taxonomy":"category","embeddable":true,"href":"https:\/\/argentinakickboxing.com\/index.php?rest_route=%2Fwp%2Fv2%2Fcategories&post=3038"},{"taxonomy":"post_tag","embeddable":true,"href":"https:\/\/argentinakickboxing.com\/index.php?rest_route=%2Fwp%2Fv2%2Ftags&post=3038"}],"curies":[{"name":"wp","href":"https:\/\/api.w.org\/{rel}","templated":true}]}}